{"id":9171,"date":"2020-06-05T17:32:34","date_gmt":"2020-06-05T17:32:34","guid":{"rendered":"https:\/\/connectbogota.org\/?p=9171"},"modified":"2020-06-20T02:15:59","modified_gmt":"2020-06-20T02:15:59","slug":"universidades-solicitan-a-la-alcaldesa-de-bogota-auxilios-economicos-en-medio-de-la-pandemia","status":"publish","type":"post","link":"https:\/\/landing.connectbogota.org\/en\/universidades-solicitan-a-la-alcaldesa-de-bogota-auxilios-economicos-en-medio-de-la-pandemia\/","title":{"rendered":"Universidades solicitan a la alcaldesa de Bogot\u00e1 auxilios econ\u00f3micos en medio de la pandemia"},"content":{"rendered":"<div data-elementor-type=\"wp-post\" data-elementor-id=\"9171\" class=\"elementor elementor-9171\" data-elementor-post-type=\"post\">\n\t\t\t\t\t\t\t\t\t<section class=\"elementor-section elementor-top-section elementor-element elementor-element-3758fee elementor-section-boxed elementor-section-height-default elementor-section-height-default\" data-id=\"3758fee\" data-element_type=\"section\">\n\t\t\t\t\t\t<div class=\"elementor-container elementor-column-gap-default\">\n\t\t\t\t\t<div class=\"elementor-column elementor-col-100 elementor-top-column elementor-element elementor-element-77e9095\" data-id=\"77e9095\" data-element_type=\"column\">\n\t\t\t<div class=\"elementor-widget-wrap elementor-element-populated\">\n\t\t\t\t\t\t\t\t<div class=\"elementor-element elementor-element-cb9d671 elementor-widget elementor-widget-text-editor\" data-id=\"cb9d671\" data-element_type=\"widget\" data-widget_type=\"text-editor.default\">\n\t\t\t\t<div class=\"elementor-widget-container\">\n\t\t\t\t\t\t\t<p dir=\"ltr\" style=\"line-height: 1.2; margin-top: 0pt; margin-bottom: 0pt; text-align: left;\"><span style=\"font-family: 'Century Gothic', sans-serif; font-size: 12pt; white-space: pre-wrap; text-align: justify;\">Los rectores de la Universidad de la Sabana, Obdulio Vel\u00e1squez, y de la Javeriana, el Padre Jorge Humberto Pel\u00e1ez, en su condici\u00f3n de presidentes de ASCUN y Connect Bogot\u00e1-Regi\u00f3n respectivamente, enviaron una carta a la alcaldesa Claudia L\u00f3pez y a los concejales de Bogot\u00e1 para que se otorguen auxilios a estudiantes de familias que, debido a la coyuntura, presentan mayores dificultades econ\u00f3micas. Esta comunicaci\u00f3n busca que los j\u00f3venes puedan continuar con su formaci\u00f3n acad\u00e9mica el pr\u00f3ximo semestre.\u00a0<\/span><\/p><p dir=\"ltr\" style=\"line-height: 1.2; margin-top: 0pt; margin-bottom: 0pt; text-align: left;\"><span style=\"background-color: transparent; color: #000000; font-family: 'Century Gothic', sans-serif; font-size: 12pt; font-style: normal; font-weight: 400; text-align: justify; white-space: pre-wrap;\">De acuerdo con la m\u00e1s reciente encuesta rectoral realizada por ASCUN, en el segundo semestre del a\u00f1o las matr\u00edculas en las universidades podr\u00edan tener una reducci\u00f3n de entre el 23 y 25%, situaci\u00f3n que afectar\u00eda la sostenibilidad financiera de las instituciones de educaci\u00f3n superior (IES) y tendr\u00eda un impacto en las brechas econ\u00f3micas y sociales existentes en la regi\u00f3n y el pa\u00eds.\u00a0<\/span><\/p><p><span style=\"background-color: transparent; color: #000000; font-family: 'Century Gothic', sans-serif; font-size: 12pt; font-style: normal; font-weight: 400; white-space: pre-wrap; text-align: justify;\">Bajo este panorama, las instituciones de la red de Connect Bogot\u00e1 y de ASCUN, las cuales representan a 35 universidades, han solicitado a la Alcald\u00eda de Bogot\u00e1 incluir en el Plan de Desarrollo y en el presupuesto para el pr\u00f3ximo semestre un monto de recursos por $755.042.370.379, cifra que ser\u00eda destinada a otorgar un auxilio econ\u00f3mico a cada alumno de estratos 1 al 4 que est\u00e9 cursando programas de educaci\u00f3n superior en universidades p\u00fablicas y privadas de la capital, garantizando as\u00ed su presencia en las aulas.<\/span><\/p><p><span style=\"background-color: transparent; color: #000000; font-family: 'Century Gothic', sans-serif; font-size: 12pt; font-style: normal; font-weight: 400; white-space: pre-wrap; text-align: justify;\">Para Diana Gaviria, directora ejecutiva de Connect Bogot\u00e1, este apoyo a estudiantes es fundamental para continuar el camino hacia la formaci\u00f3n de talento humano que genere oportunidades para todos, en especial para los j\u00f3venes, y contribuir al progreso y competitividad econ\u00f3mica de la regi\u00f3n.\u00a0<\/span><\/p><p>\u00a0<\/p>\t\t\t\t\t\t<\/div>\n\t\t\t\t<\/div>\n\t\t\t\t\t<\/div>\n\t\t<\/div>\n\t\t\t\t\t\t\t<\/div>\n\t\t<\/section>\n\t\t\t\t<section class=\"elementor-section elementor-top-section elementor-element elementor-element-59ce1bc elementor-section-boxed elementor-section-height-default elementor-section-height-default\" data-id=\"59ce1bc\" data-element_type=\"section\">\n\t\t\t\t\t\t<div class=\"elementor-container elementor-column-gap-default\">\n\t\t\t\t\t<div class=\"elementor-column elementor-col-100 elementor-top-column elementor-element elementor-element-3218554\" data-id=\"3218554\" data-element_type=\"column\">\n\t\t\t<div class=\"elementor-widget-wrap elementor-element-populated\">\n\t\t\t\t\t\t\t\t<div class=\"elementor-element elementor-element-929261f elementor-widget elementor-widget-testimonial\" data-id=\"929261f\" data-element_type=\"widget\" data-widget_type=\"testimonial.default\">\n\t\t\t\t<div class=\"elementor-widget-container\">\n\t\t\t\t\t<div class=\"elementor-testimonial-wrapper\">\n\t\t\t\t\t\t\t<div class=\"elementor-testimonial-content\">\n \n\n\u201cEl capital humano es el activo m\u00e1s valioso de un territorio. Para ser una regi\u00f3n pr\u00f3spera, innovadora y con futuro, necesitamos un talento capacitado, con conocimientos pertinentes que permitan hacer frente a los desaf\u00edos y retos que aparecen aceleradamente en el mundo. Las instituciones de educaci\u00f3n superior, adem\u00e1s de jugar un papel fundamental en la construcci\u00f3n de la sociedad, son un motor de la econom\u00eda al aportar un n\u00famero importante de empleos directos e indirectos\u201d, asegur\u00f3 Gaviria al referirse a la raz\u00f3n por la cual se ha presentado dicha solicitud. \n\n<\/div>\n\t\t\t\n\t\t\t\t\t\t<div class=\"elementor-testimonial-meta elementor-has-image elementor-testimonial-image-position-top\">\n\t\t\t\t<div class=\"elementor-testimonial-meta-inner\">\n\t\t\t\t\t\t\t\t\t\t\t<div class=\"elementor-testimonial-image\">\n\t\t\t\t\t\t\t<img decoding=\"async\" loading=\"lazy\" width=\"1600\" height=\"1067\" src=\"https:\/\/landing.connectbogota.org\/wp-content\/uploads\/2017\/11\/Diana-LOw.jpg\" class=\"attachment-full size-full wp-image-6564\" alt=\"\" srcset=\"https:\/\/landing.connectbogota.org\/wp-content\/uploads\/2017\/11\/Diana-LOw.jpg 1600w, https:\/\/landing.connectbogota.org\/wp-content\/uploads\/2017\/11\/Diana-LOw-300x200.jpg 300w, https:\/\/landing.connectbogota.org\/wp-content\/uploads\/2017\/11\/Diana-LOw-768x512.jpg 768w, https:\/\/landing.connectbogota.org\/wp-content\/uploads\/2017\/11\/Diana-LOw-1024x683.jpg 1024w, https:\/\/landing.connectbogota.org\/wp-content\/uploads\/2017\/11\/Diana-LOw-900x600.jpg 900w\" sizes=\"(max-width: 1600px) 100vw, 1600px\" \/>\t\t\t\t\t\t<\/div>\n\t\t\t\t\t\n\t\t\t\t\t\t\t\t\t\t<div class=\"elementor-testimonial-details\">\n\t\t\t\t\t\t\t\t\t\t\t\t\t\t<div class=\"elementor-testimonial-name\">Diana Gaviria<\/div>\n\t\t\t\t\t\t\t\t\t\t\t\t\t\t\t\t\t\t\t\t\t\t<div class=\"elementor-testimonial-job\">Directora ejecutiva de Connect Bogot\u00e1<\/div>\n\t\t\t\t\t\t\t\t\t\t\t\t\t<\/div>\n\t\t\t\t\t\t\t\t\t<\/div>\n\t\t\t<\/div>\n\t\t\t\t\t<\/div>\n\t\t\t\t<\/div>\n\t\t\t\t<\/div>\n\t\t\t\t\t<\/div>\n\t\t<\/div>\n\t\t\t\t\t\t\t<\/div>\n\t\t<\/section>\n\t\t\t\t<section class=\"elementor-section elementor-top-section elementor-element elementor-element-e4876c7 elementor-section-boxed elementor-section-height-default elementor-section-height-default\" data-id=\"e4876c7\" data-element_type=\"section\">\n\t\t\t\t\t\t<div class=\"elementor-container elementor-column-gap-default\">\n\t\t\t\t\t<div class=\"elementor-column elementor-col-100 elementor-top-column elementor-element elementor-element-783fd0b\" data-id=\"783fd0b\" data-element_type=\"column\">\n\t\t\t<div class=\"elementor-widget-wrap elementor-element-populated\">\n\t\t\t\t\t\t\t\t<div class=\"elementor-element elementor-element-de3b408 elementor-widget elementor-widget-text-editor\" data-id=\"de3b408\" data-element_type=\"widget\" data-widget_type=\"text-editor.default\">\n\t\t\t\t<div class=\"elementor-widget-container\">\n\t\t\t\t\t\t\t<p>Conozca el documento enviado a la alcaldesa <a href=\"https:\/\/connectbogota.org\/wp-content\/uploads\/2020\/05\/carta-Alcaldesa-auxilios-estudiantes-1y2-convertido-1.pdf\">aqu\u00ed<\/a><\/p>\t\t\t\t\t\t<\/div>\n\t\t\t\t<\/div>\n\t\t\t\t\t<\/div>\n\t\t<\/div>\n\t\t\t\t\t\t\t<\/div>\n\t\t<\/section>\n\t\t\t\t\t\t\t<\/div>","protected":false},"excerpt":{"rendered":"<p>Los rectores de la Universidad de la Sabana, Obdulio Vel\u00e1squez, y de la Javeriana, el Padre Jorge Humberto Pel\u00e1ez, en su condici\u00f3n de presidentes de ASCUN y Connect Bogot\u00e1-Regi\u00f3n respectivamente, enviaron una carta a la alcaldesa Claudia L\u00f3pez y a los concejales de Bogot\u00e1 para que se otorguen auxilios a estudiantes de familias que, debido [&hellip;]<\/p>","protected":false},"author":1,"featured_media":9172,"comment_status":"open","ping_status":"open","sticky":false,"template":"","format":"standard","meta":{"_monsterinsights_skip_tracking":false,"_monsterinsights_sitenote_active":false,"_monsterinsights_sitenote_note":"","_monsterinsights_sitenote_category":0,"footnotes":""},"categories":[32],"tags":[],"jetpack_featured_media_url":"https:\/\/landing.connectbogota.org\/wp-content\/uploads\/2020\/06\/Estudiantes-.jpg","yoast_head":"<!-- This site is optimized with the Yoast SEO plugin v14.4.1 - https:\/\/yoast.com\/wordpress\/plugins\/seo\/ -->\n<title>Universidades solicitan a la alcaldesa de Bogot\u00e1 auxilios econ\u00f3micos en medio de la pandemia -<\/title>\n<meta name=\"robots\" content=\"index, follow\" \/>\n<meta name=\"googlebot\" content=\"index, follow, max-snippet:-1, max-image-preview:large, max-video-preview:-1\" \/>\n<meta name=\"bingbot\" content=\"index, follow, max-snippet:-1, max-image-preview:large, max-video-preview:-1\" \/>\n<link rel=\"canonical\" href=\"https:\/\/connectbogota.org\/universidades-solicitan-a-la-alcaldesa-de-bogota-auxilios-economicos-en-medio-de-la-pandemia\/\" \/>\n<meta property=\"og:locale\" content=\"en_US\" \/>\n<meta property=\"og:type\" content=\"article\" \/>\n<meta property=\"og:title\" content=\"Universidades solicitan a la alcaldesa de Bogot\u00e1 auxilios econ\u00f3micos en medio de la pandemia -\" \/>\n<meta property=\"og:url\" content=\"https:\/\/connectbogota.org\/universidades-solicitan-a-la-alcaldesa-de-bogota-auxilios-economicos-en-medio-de-la-pandemia\/\" \/>\n<meta property=\"article:publisher\" content=\"https:\/\/www.facebook.com\/ConnectBogota\/\" \/>\n<meta property=\"article:author\" content=\"https:\/\/www.facebook.com\/ConnectBogota\" \/>\n<meta property=\"article:published_time\" content=\"2020-06-05T17:32:34+00:00\" \/>\n<meta property=\"article:modified_time\" content=\"2020-06-20T02:15:59+00:00\" \/>\n<meta property=\"og:image\" content=\"https:\/\/landing.connectbogota.org\/wp-content\/uploads\/2020\/06\/Estudiantes-.jpg\" \/>\n\t<meta property=\"og:image:width\" content=\"770\" \/>\n\t<meta property=\"og:image:height\" content=\"420\" \/>\n<meta name=\"twitter:card\" content=\"summary_large_image\" \/>\n<meta name=\"twitter:creator\" content=\"@ConnectBogota\" \/>\n<meta name=\"twitter:site\" content=\"@connectbogota\" \/>\n<script type=\"application\/ld+json\" class=\"yoast-schema-graph\">{\"@context\":\"https:\/\/schema.org\",\"@graph\":[{\"@type\":\"WebSite\",\"@id\":\"https:\/\/landing.connectbogota.org\/en\/#website\",\"url\":\"https:\/\/landing.connectbogota.org\/en\/\",\"name\":\"\",\"description\":\"\",\"potentialAction\":[{\"@type\":\"SearchAction\",\"target\":\"https:\/\/landing.connectbogota.org\/en\/?s={search_term_string}\",\"query-input\":\"required name=search_term_string\"}],\"inLanguage\":\"en-US\"},{\"@type\":\"ImageObject\",\"@id\":\"https:\/\/connectbogota.org\/universidades-solicitan-a-la-alcaldesa-de-bogota-auxilios-economicos-en-medio-de-la-pandemia\/#primaryimage\",\"inLanguage\":\"en-US\",\"url\":\"https:\/\/landing.connectbogota.org\/wp-content\/uploads\/2020\/06\/Estudiantes-.jpg\",\"width\":770,\"height\":420},{\"@type\":\"WebPage\",\"@id\":\"https:\/\/connectbogota.org\/universidades-solicitan-a-la-alcaldesa-de-bogota-auxilios-economicos-en-medio-de-la-pandemia\/#webpage\",\"url\":\"https:\/\/connectbogota.org\/universidades-solicitan-a-la-alcaldesa-de-bogota-auxilios-economicos-en-medio-de-la-pandemia\/\",\"name\":\"Universidades solicitan a la alcaldesa de Bogot\\u00e1 auxilios econ\\u00f3micos en medio de la pandemia -\",\"isPartOf\":{\"@id\":\"https:\/\/landing.connectbogota.org\/en\/#website\"},\"primaryImageOfPage\":{\"@id\":\"https:\/\/connectbogota.org\/universidades-solicitan-a-la-alcaldesa-de-bogota-auxilios-economicos-en-medio-de-la-pandemia\/#primaryimage\"},\"datePublished\":\"2020-06-05T17:32:34+00:00\",\"dateModified\":\"2020-06-20T02:15:59+00:00\",\"author\":{\"@id\":\"https:\/\/landing.connectbogota.org\/en\/#\/schema\/person\/3ec1cac7c7cfe0a4494a4ce294282530\"},\"inLanguage\":\"en-US\",\"potentialAction\":[{\"@type\":\"ReadAction\",\"target\":[\"https:\/\/connectbogota.org\/universidades-solicitan-a-la-alcaldesa-de-bogota-auxilios-economicos-en-medio-de-la-pandemia\/\"]}]},{\"@type\":[\"Person\"],\"@id\":\"https:\/\/landing.connectbogota.org\/en\/#\/schema\/person\/3ec1cac7c7cfe0a4494a4ce294282530\",\"name\":\"Connect\",\"image\":{\"@type\":\"ImageObject\",\"@id\":\"https:\/\/landing.connectbogota.org\/en\/#personlogo\",\"inLanguage\":\"en-US\",\"url\":\"https:\/\/landing.connectbogota.org\/wp-content\/uploads\/2018\/11\/gravatar-1.png\",\"caption\":\"Connect\"},\"sameAs\":[\"https:\/\/www.facebook.com\/ConnectBogota\",\"https:\/\/twitter.com\/@ConnectBogota\"]}]}<\/script>\n<!-- \/ Yoast SEO plugin. -->","_links":{"self":[{"href":"https:\/\/landing.connectbogota.org\/en\/wp-json\/wp\/v2\/posts\/9171"}],"collection":[{"href":"https:\/\/landing.connectbogota.org\/en\/wp-json\/wp\/v2\/posts"}],"about":[{"href":"https:\/\/landing.connectbogota.org\/en\/wp-json\/wp\/v2\/types\/post"}],"author":[{"embeddable":true,"href":"https:\/\/landing.connectbogota.org\/en\/wp-json\/wp\/v2\/users\/1"}],"replies":[{"embeddable":true,"href":"https:\/\/landing.connectbogota.org\/en\/wp-json\/wp\/v2\/comments?post=9171"}],"version-history":[{"count":2,"href":"https:\/\/landing.connectbogota.org\/en\/wp-json\/wp\/v2\/posts\/9171\/revisions"}],"predecessor-version":[{"id":9174,"href":"https:\/\/landing.connectbogota.org\/en\/wp-json\/wp\/v2\/posts\/9171\/revisions\/9174"}],"wp:featuredmedia":[{"embeddable":true,"href":"https:\/\/landing.connectbogota.org\/en\/wp-json\/wp\/v2\/media\/9172"}],"wp:attachment":[{"href":"https:\/\/landing.connectbogota.org\/en\/wp-json\/wp\/v2\/media?parent=9171"}],"wp:term":[{"taxonomy":"category","embeddable":true,"href":"https:\/\/landing.connectbogota.org\/en\/wp-json\/wp\/v2\/categories?post=9171"},{"taxonomy":"post_tag","embeddable":true,"href":"https:\/\/landing.connectbogota.org\/en\/wp-json\/wp\/v2\/tags?post=9171"}],"curies":[{"name":"wp","href":"https:\/\/api.w.org\/{rel}","templated":true}]}}