{"id":13511,"date":"2022-10-04T10:56:54","date_gmt":"2022-10-04T15:56:54","guid":{"rendered":"https:\/\/connectbogota.org\/?p=13511"},"modified":"2023-02-16T14:46:29","modified_gmt":"2023-02-16T19:46:29","slug":"bogota-propiedad-intelectual-el-nuevo-programa-que-le-ayudara-a-los-empresarios-de-la-capital-a-proteger-sus-ideas-y-creaciones","status":"publish","type":"post","link":"https:\/\/landing.connectbogota.org\/en\/bogota-propiedad-intelectual-el-nuevo-programa-que-le-ayudara-a-los-empresarios-de-la-capital-a-proteger-sus-ideas-y-creaciones\/","title":{"rendered":"\u2018Bogot\u00e1, propiedad intelectual\u2019, el nuevo programa que le ayudar\u00e1 a los empresarios de la capital a proteger sus ideas y creaciones"},"content":{"rendered":"<div data-elementor-type=\"wp-post\" data-elementor-id=\"13511\" class=\"elementor elementor-13511\" data-elementor-post-type=\"post\">\n\t\t\t\t\t\t\t\t\t<section class=\"elementor-section elementor-top-section elementor-element elementor-element-4e6dbcc elementor-section-boxed elementor-section-height-default elementor-section-height-default\" data-id=\"4e6dbcc\" data-element_type=\"section\">\n\t\t\t\t\t\t<div class=\"elementor-container elementor-column-gap-default\">\n\t\t\t\t\t<div class=\"elementor-column elementor-col-100 elementor-top-column elementor-element elementor-element-a7c8cb1\" data-id=\"a7c8cb1\" data-element_type=\"column\">\n\t\t\t<div class=\"elementor-widget-wrap elementor-element-populated\">\n\t\t\t\t\t\t\t\t<div class=\"elementor-element elementor-element-544df28 elementor-widget elementor-widget-text-editor\" data-id=\"544df28\" data-element_type=\"widget\" data-widget_type=\"text-editor.default\">\n\t\t\t\t<div class=\"elementor-widget-container\">\n\t\t\t\t\t\t\t<ul><li style=\"font-weight: 400;\" aria-level=\"1\"><span style=\"font-weight: 400;\">El Fondo Distrital de Innovaci\u00f3n, Tecnolog\u00eda e Industrias Creativas (FITIC) de la Secretar\u00eda de Desarrollo Econ\u00f3mico, anuncia un nuevo programa orientado en la protecci\u00f3n de la informaci\u00f3n.<\/span><\/li><li style=\"font-weight: 400;\" aria-level=\"1\"><span style=\"font-weight: 400;\">El programa llegar\u00e1 a 155 empresas de la ciudad. La convocatoria se encuentra abierta en www.desarrolloeconomico.gov.co<\/span><\/li><\/ul>\t\t\t\t\t\t<\/div>\n\t\t\t\t<\/div>\n\t\t\t\t<div class=\"elementor-element elementor-element-0529c7c elementor-widget elementor-widget-spacer\" data-id=\"0529c7c\" data-element_type=\"widget\" data-widget_type=\"spacer.default\">\n\t\t\t\t<div class=\"elementor-widget-container\">\n\t\t\t\t\t<div class=\"elementor-spacer\">\n\t\t\t<div class=\"elementor-spacer-inner\"><\/div>\n\t\t<\/div>\n\t\t\t\t<\/div>\n\t\t\t\t<\/div>\n\t\t\t\t\t<\/div>\n\t\t<\/div>\n\t\t\t\t\t\t\t<\/div>\n\t\t<\/section>\n\t\t\t\t<section class=\"elementor-section elementor-top-section elementor-element elementor-element-97026d8 elementor-section-boxed elementor-section-height-default elementor-section-height-default\" data-id=\"97026d8\" data-element_type=\"section\">\n\t\t\t\t\t\t<div class=\"elementor-container elementor-column-gap-default\">\n\t\t\t\t\t<div class=\"elementor-column elementor-col-100 elementor-top-column elementor-element elementor-element-ecdc10f\" data-id=\"ecdc10f\" data-element_type=\"column\">\n\t\t\t<div class=\"elementor-widget-wrap elementor-element-populated\">\n\t\t\t\t\t\t\t\t<div class=\"elementor-element elementor-element-7e20a80 elementor-widget elementor-widget-text-editor\" data-id=\"7e20a80\" data-element_type=\"widget\" data-widget_type=\"text-editor.default\">\n\t\t\t\t<div class=\"elementor-widget-container\">\n\t\t\t\t\t\t\t<p><span style=\"font-weight: 400;\">La Secretar\u00eda de Desarrollo Econ\u00f3mico lanza la convocatoria del programa <strong>\u2018Bogot\u00e1, propiedad intelectual\u2019 que llegar\u00e1 a 155 empresas de la capital colombiana<\/strong> para facilitar el proceso de protecci\u00f3n de sus ideas o creaciones innovadoras.\u00a0<\/span><\/p><p><span style=\"font-weight: 400;\">El programa permitir\u00e1 identificar activos intangibles como marcas, signos distintivos, derechos de autor, patentes, entre otros, y orientar\u00e1 a los empresarios en una ruta para protegerlos y sacar el m\u00e1ximo provecho de estos.\u00a0<\/span><\/p>\t\t\t\t\t\t<\/div>\n\t\t\t\t<\/div>\n\t\t\t\t<div class=\"elementor-element elementor-element-3494b47 elementor-widget elementor-widget-testimonial\" data-id=\"3494b47\" data-element_type=\"widget\" data-widget_type=\"testimonial.default\">\n\t\t\t\t<div class=\"elementor-widget-container\">\n\t\t\t\t\t<div class=\"elementor-testimonial-wrapper\">\n\t\t\t\t\t\t\t<div class=\"elementor-testimonial-content\">\u201cTener claridad sobre cu\u00e1les son los activos intangibles o ideas de una empresa y cuidar de estos a nivel legal, trae grandes beneficios que pueden impactar directamente el crecimiento y el valor en el mercado de un negocio. Proteger la propiedad intelectual puede generar un diferencial frente a la competencia, obtener mayores oportunidades de financiaci\u00f3n, convertir las ideas en generadoras de recursos, y evitar que otros se apropien o usen la marca\u201d<\/div>\n\t\t\t\n\t\t\t\t\t\t<div class=\"elementor-testimonial-meta elementor-has-image elementor-testimonial-image-position-aside\">\n\t\t\t\t<div class=\"elementor-testimonial-meta-inner\">\n\t\t\t\t\t\t\t\t\t\t\t<div class=\"elementor-testimonial-image\">\n\t\t\t\t\t\t\t<img decoding=\"async\" loading=\"lazy\" width=\"1600\" height=\"1067\" src=\"https:\/\/landing.connectbogota.org\/wp-content\/uploads\/2022\/10\/Alfredo-Bateman-SDDE.jpeg\" class=\"attachment-full size-full wp-image-13514\" alt=\"\" srcset=\"https:\/\/landing.connectbogota.org\/wp-content\/uploads\/2022\/10\/Alfredo-Bateman-SDDE.jpeg 1600w, https:\/\/landing.connectbogota.org\/wp-content\/uploads\/2022\/10\/Alfredo-Bateman-SDDE-300x200.jpeg 300w, https:\/\/landing.connectbogota.org\/wp-content\/uploads\/2022\/10\/Alfredo-Bateman-SDDE-1024x683.jpeg 1024w, https:\/\/landing.connectbogota.org\/wp-content\/uploads\/2022\/10\/Alfredo-Bateman-SDDE-768x512.jpeg 768w, https:\/\/landing.connectbogota.org\/wp-content\/uploads\/2022\/10\/Alfredo-Bateman-SDDE-1536x1024.jpeg 1536w, https:\/\/landing.connectbogota.org\/wp-content\/uploads\/2022\/10\/Alfredo-Bateman-SDDE-900x600.jpeg 900w, https:\/\/landing.connectbogota.org\/wp-content\/uploads\/2022\/10\/Alfredo-Bateman-SDDE-24x16.jpeg 24w, https:\/\/landing.connectbogota.org\/wp-content\/uploads\/2022\/10\/Alfredo-Bateman-SDDE-36x24.jpeg 36w, https:\/\/landing.connectbogota.org\/wp-content\/uploads\/2022\/10\/Alfredo-Bateman-SDDE-48x32.jpeg 48w\" sizes=\"(max-width: 1600px) 100vw, 1600px\" \/>\t\t\t\t\t\t<\/div>\n\t\t\t\t\t\n\t\t\t\t\t\t\t\t\t\t<div class=\"elementor-testimonial-details\">\n\t\t\t\t\t\t\t\t\t\t\t\t\t\t<div class=\"elementor-testimonial-name\">Alfredo Bateman<\/div>\n\t\t\t\t\t\t\t\t\t\t\t\t\t\t\t\t\t\t\t\t\t\t<div class=\"elementor-testimonial-job\">Secretario de Desarrollo Econ\u00f3mico.<\/div>\n\t\t\t\t\t\t\t\t\t\t\t\t\t<\/div>\n\t\t\t\t\t\t\t\t\t<\/div>\n\t\t\t<\/div>\n\t\t\t\t\t<\/div>\n\t\t\t\t<\/div>\n\t\t\t\t<\/div>\n\t\t\t\t<div class=\"elementor-element elementor-element-000603f elementor-widget elementor-widget-text-editor\" data-id=\"000603f\" data-element_type=\"widget\" data-widget_type=\"text-editor.default\">\n\t\t\t\t<div class=\"elementor-widget-container\">\n\t\t\t\t\t\t\t<p><span style=\"font-weight: 400;\"><strong>El programa trae destacados beneficios para quienes participen y resulten seleccionados.<\/strong> Las <strong>155 empresas<\/strong> beneficiarias obtendr\u00e1n: <\/span><\/p>\t\t\t\t\t\t<\/div>\n\t\t\t\t<\/div>\n\t\t\t\t<div class=\"elementor-element elementor-element-dababcc elementor-icon-list--layout-traditional elementor-list-item-link-full_width elementor-widget elementor-widget-icon-list\" data-id=\"dababcc\" data-element_type=\"widget\" data-widget_type=\"icon-list.default\">\n\t\t\t\t<div class=\"elementor-widget-container\">\n\t\t\t\t\t<ul class=\"elementor-icon-list-items\">\n\t\t\t\t\t\t\t<li class=\"elementor-icon-list-item\">\n\t\t\t\t\t\t\t\t\t\t\t<span class=\"elementor-icon-list-icon\">\n\t\t\t\t\t\t\t<i aria-hidden=\"true\" class=\"fas fa-check\"><\/i>\t\t\t\t\t\t<\/span>\n\t\t\t\t\t\t\t\t\t\t<span class=\"elementor-icon-list-text\">Diagn\u00f3stico e identificaci\u00f3n de Propiedad Intelectual e Industrial (PII).<\/span>\n\t\t\t\t\t\t\t\t\t<\/li>\n\t\t\t\t\t\t\t\t<li class=\"elementor-icon-list-item\">\n\t\t\t\t\t\t\t\t\t\t\t<span class=\"elementor-icon-list-icon\">\n\t\t\t\t\t\t\t<i aria-hidden=\"true\" class=\"fas fa-check\"><\/i>\t\t\t\t\t\t<\/span>\n\t\t\t\t\t\t\t\t\t\t<span class=\"elementor-icon-list-text\">Acceso gratuito por un a\u00f1o a una plataforma de Blockchain donde podr\u00e1n registrar pruebas de existencia de cualquier archivo, especialmente de secretos industriales y derechos de autor.<\/span>\n\t\t\t\t\t\t\t\t\t<\/li>\n\t\t\t\t\t\t\t\t<li class=\"elementor-icon-list-item\">\n\t\t\t\t\t\t\t\t\t\t\t<span class=\"elementor-icon-list-icon\">\n\t\t\t\t\t\t\t<i aria-hidden=\"true\" class=\"fas fa-check\"><\/i>\t\t\t\t\t\t<\/span>\n\t\t\t\t\t\t\t\t\t\t<span class=\"elementor-icon-list-text\">Talleres de formaci\u00f3n en propiedad intelectual y uso de la plataforma blockchain.<\/span>\n\t\t\t\t\t\t\t\t\t<\/li>\n\t\t\t\t\t\t<\/ul>\n\t\t\t\t<\/div>\n\t\t\t\t<\/div>\n\t\t\t\t<div class=\"elementor-element elementor-element-cbc3f4c elementor-widget elementor-widget-text-editor\" data-id=\"cbc3f4c\" data-element_type=\"widget\" data-widget_type=\"text-editor.default\">\n\t\t\t\t<div class=\"elementor-widget-container\">\n\t\t\t\t\t\t\t<p><strong>De estas 155,\u00a0 se seleccionar\u00e1n 55 empresas que acceder\u00e1n a: <\/strong><\/p>\t\t\t\t\t\t<\/div>\n\t\t\t\t<\/div>\n\t\t\t\t<div class=\"elementor-element elementor-element-c3aea6c elementor-icon-list--layout-traditional elementor-list-item-link-full_width elementor-widget elementor-widget-icon-list\" data-id=\"c3aea6c\" data-element_type=\"widget\" data-widget_type=\"icon-list.default\">\n\t\t\t\t<div class=\"elementor-widget-container\">\n\t\t\t\t\t<ul class=\"elementor-icon-list-items\">\n\t\t\t\t\t\t\t<li class=\"elementor-icon-list-item\">\n\t\t\t\t\t\t\t\t\t\t\t<span class=\"elementor-icon-list-icon\">\n\t\t\t\t\t\t\t<i aria-hidden=\"true\" class=\"fas fa-check\"><\/i>\t\t\t\t\t\t<\/span>\n\t\t\t\t\t\t\t\t\t\t<span class=\"elementor-icon-list-text\">Elaboraci\u00f3n de inventario de activos intangibles.<\/span>\n\t\t\t\t\t\t\t\t\t<\/li>\n\t\t\t\t\t\t\t\t<li class=\"elementor-icon-list-item\">\n\t\t\t\t\t\t\t\t\t\t\t<span class=\"elementor-icon-list-icon\">\n\t\t\t\t\t\t\t<i aria-hidden=\"true\" class=\"fas fa-check\"><\/i>\t\t\t\t\t\t<\/span>\n\t\t\t\t\t\t\t\t\t\t<span class=\"elementor-icon-list-text\">Diagn\u00f3stico especializado en gesti\u00f3n de PII.<\/span>\n\t\t\t\t\t\t\t\t\t<\/li>\n\t\t\t\t\t\t\t\t<li class=\"elementor-icon-list-item\">\n\t\t\t\t\t\t\t\t\t\t\t<span class=\"elementor-icon-list-icon\">\n\t\t\t\t\t\t\t<i aria-hidden=\"true\" class=\"fas fa-check\"><\/i>\t\t\t\t\t\t<\/span>\n\t\t\t\t\t\t\t\t\t\t<span class=\"elementor-icon-list-text\">Due Diligence an\u00e1lisis legal y t\u00e9cnico de los activos intangibles.<\/span>\n\t\t\t\t\t\t\t\t\t<\/li>\n\t\t\t\t\t\t\t\t<li class=\"elementor-icon-list-item\">\n\t\t\t\t\t\t\t\t\t\t\t<span class=\"elementor-icon-list-icon\">\n\t\t\t\t\t\t\t<i aria-hidden=\"true\" class=\"fas fa-check\"><\/i>\t\t\t\t\t\t<\/span>\n\t\t\t\t\t\t\t\t\t\t<span class=\"elementor-icon-list-text\">\tAcompa\u00f1amiento en la caracterizaci\u00f3n, registro y protecci\u00f3n de los activos intangibles identificados.<\/span>\n\t\t\t\t\t\t\t\t\t<\/li>\n\t\t\t\t\t\t\t\t<li class=\"elementor-icon-list-item\">\n\t\t\t\t\t\t\t\t\t\t\t<span class=\"elementor-icon-list-icon\">\n\t\t\t\t\t\t\t<i aria-hidden=\"true\" class=\"fas fa-check\"><\/i>\t\t\t\t\t\t<\/span>\n\t\t\t\t\t\t\t\t\t\t<span class=\"elementor-icon-list-text\">Cubrimiento del costo de los registros<\/span>\n\t\t\t\t\t\t\t\t\t<\/li>\n\t\t\t\t\t\t<\/ul>\n\t\t\t\t<\/div>\n\t\t\t\t<\/div>\n\t\t\t\t<div class=\"elementor-element elementor-element-7c148de elementor-widget elementor-widget-text-editor\" data-id=\"7c148de\" data-element_type=\"widget\" data-widget_type=\"text-editor.default\">\n\t\t\t\t<div class=\"elementor-widget-container\">\n\t\t\t\t\t\t\t<p><span style=\"font-weight: 400;\">\u2018Bogot\u00e1, propiedad intelectual\u2019, est\u00e1 dirigido a emprendedores, empresas o grupos de empresas, interesadas en recibir un acompa\u00f1amiento personalizado, de la mano de expertos, para proteger las ideas y creaciones de sus negocios.\u00a0<\/span><\/p><p><span style=\"font-weight: 400;\">Para conocer los t\u00e9rminos, condiciones de participaci\u00f3n y registrarse deben ingresar a la p\u00e1gina del programa.<\/span><\/p>\t\t\t\t\t\t<\/div>\n\t\t\t\t<\/div>\n\t\t\t\t<div class=\"elementor-element elementor-element-d6d693c elementor-align-center elementor-widget elementor-widget-button\" data-id=\"d6d693c\" data-element_type=\"widget\" data-widget_type=\"button.default\">\n\t\t\t\t<div class=\"elementor-widget-container\">\n\t\t\t\t\t<div class=\"elementor-button-wrapper\">\n\t\t\t<a class=\"elementor-button elementor-button-link elementor-size-sm\" href=\"https:\/\/www.clarkemodet.com\/bogota-propiedad-intelectual\/\" target=\"_blank\">\n\t\t\t\t\t\t<span class=\"elementor-button-content-wrapper\">\n\t\t\t\t\t\t<span class=\"elementor-button-text\">CONOCE M\u00c1S SOBRE EL PROGRAMA<\/span>\n\t\t<\/span>\n\t\t\t\t\t<\/a>\n\t\t<\/div>\n\t\t\t\t<\/div>\n\t\t\t\t<\/div>\n\t\t\t\t<div class=\"elementor-element elementor-element-c749af0 elementor-widget elementor-widget-html\" data-id=\"c749af0\" data-element_type=\"widget\" data-widget_type=\"html.default\">\n\t\t\t\t<div class=\"elementor-widget-container\">\n\t\t\t<script type=\"text\/javascript\" id=\"ngos-ed-on-file-widget-script-17336c1f-917d-492b-bc53-225c95e103da\">\r\n (function() {\r\n function async_load()\r\n { var s = document.createElement('script'); s.type = 'text\/javascript'; s.async = true; var theUrl = 'http:\/\/www.ngosource.org\/sites\/default\/files\/ngos_ed_on_file_widget.js'; s.src = theUrl + ( theUrl.indexOf(\"?\") >= 0 ? \"&\" : \"?\") + 'ref=' + encodeURIComponent(window.location.href); var embedder = document.getElementById('ngos-ed-on-file-widget-script-17336c1f-917d-492b-bc53-225c95e103da'); embedder.parentNode.insertBefore(s, embedder); }\r\n if (window.attachEvent)\r\n window.attachEvent('onload', async_load);\r\n else\r\n window.addEventListener('load', async_load, false);\r\n })();\r\n <\/script>\t\t<\/div>\n\t\t\t\t<\/div>\n\t\t\t\t\t<\/div>\n\t\t<\/div>\n\t\t\t\t\t\t\t<\/div>\n\t\t<\/section>\n\t\t\t\t\t\t\t<\/div>","protected":false},"excerpt":{"rendered":"<p>El Fondo Distrital de Innovaci\u00f3n, Tecnolog\u00eda e Industrias Creativas (FITIC) de la Secretar\u00eda de Desarrollo Econ\u00f3mico, anuncia un nuevo programa orientado en la protecci\u00f3n de la informaci\u00f3n. El programa llegar\u00e1 a 155 empresas de la ciudad. La convocatoria se encuentra abierta en www.desarrolloeconomico.gov.co La Secretar\u00eda de Desarrollo Econ\u00f3mico lanza la convocatoria del programa \u2018Bogot\u00e1, propiedad [&hellip;]<\/p>","protected":false},"author":1,"featured_media":13510,"comment_status":"open","ping_status":"open","sticky":false,"template":"","format":"standard","meta":{"_monsterinsights_skip_tracking":false,"_monsterinsights_sitenote_active":false,"_monsterinsights_sitenote_note":"","_monsterinsights_sitenote_category":0,"footnotes":""},"categories":[31],"tags":[],"jetpack_featured_media_url":"https:\/\/landing.connectbogota.org\/wp-content\/uploads\/2022\/10\/1-5.jpg","yoast_head":"<!-- This site is optimized with the Yoast SEO plugin v14.4.1 - https:\/\/yoast.com\/wordpress\/plugins\/seo\/ -->\n<title>\u2018Bogot\u00e1, propiedad intelectual\u2019, el nuevo programa que le ayudar\u00e1 a los empresarios de la capital a proteger sus ideas y creaciones -<\/title>\n<meta name=\"description\" content=\"La Secretar\u00eda de Desarrollo Econ\u00f3mico lanza la convocatoria del programa \u2018Bogot\u00e1, propiedad intelectual\u2019 que llegar\u00e1 a 155 empresas de la capital colombiana para facilitar el proceso de protecci\u00f3n de sus ideas o creaciones innovadoras.\" \/>\n<meta name=\"robots\" content=\"index, follow\" \/>\n<meta name=\"googlebot\" content=\"index, follow, max-snippet:-1, max-image-preview:large, max-video-preview:-1\" \/>\n<meta name=\"bingbot\" content=\"index, follow, max-snippet:-1, max-image-preview:large, max-video-preview:-1\" \/>\n<link rel=\"canonical\" href=\"https:\/\/landing.connectbogota.org\/en\/bogota-propiedad-intelectual-el-nuevo-programa-que-le-ayudara-a-los-empresarios-de-la-capital-a-proteger-sus-ideas-y-creaciones\/\" \/>\n<meta property=\"og:locale\" content=\"en_US\" \/>\n<meta property=\"og:type\" content=\"article\" \/>\n<meta property=\"og:title\" content=\"\u2018Bogot\u00e1, propiedad intelectual\u2019, el nuevo programa que le ayudar\u00e1 a los empresarios de la capital a proteger sus ideas y creaciones -\" \/>\n<meta property=\"og:description\" content=\"La Secretar\u00eda de Desarrollo Econ\u00f3mico lanza la convocatoria del programa \u2018Bogot\u00e1, propiedad intelectual\u2019 que llegar\u00e1 a 155 empresas de la capital colombiana para facilitar el proceso de protecci\u00f3n de sus ideas o creaciones innovadoras.\" \/>\n<meta property=\"og:url\" content=\"https:\/\/landing.connectbogota.org\/en\/bogota-propiedad-intelectual-el-nuevo-programa-que-le-ayudara-a-los-empresarios-de-la-capital-a-proteger-sus-ideas-y-creaciones\/\" \/>\n<meta property=\"article:publisher\" content=\"https:\/\/www.facebook.com\/ConnectBogota\/\" \/>\n<meta property=\"article:author\" content=\"https:\/\/www.facebook.com\/ConnectBogota\" \/>\n<meta property=\"article:published_time\" content=\"2022-10-04T15:56:54+00:00\" \/>\n<meta property=\"article:modified_time\" content=\"2023-02-16T19:46:29+00:00\" \/>\n<meta property=\"og:image\" content=\"https:\/\/landing.connectbogota.org\/wp-content\/uploads\/2022\/10\/1-5.jpg\" \/>\n\t<meta property=\"og:image:width\" content=\"1080\" \/>\n\t<meta property=\"og:image:height\" content=\"1080\" \/>\n<meta name=\"twitter:card\" content=\"summary_large_image\" \/>\n<meta name=\"twitter:creator\" content=\"@ConnectBogota\" \/>\n<meta name=\"twitter:site\" content=\"@connectbogota\" \/>\n<script type=\"application\/ld+json\" class=\"yoast-schema-graph\">{\"@context\":\"https:\/\/schema.org\",\"@graph\":[{\"@type\":\"WebSite\",\"@id\":\"https:\/\/landing.connectbogota.org\/en\/#website\",\"url\":\"https:\/\/landing.connectbogota.org\/en\/\",\"name\":\"\",\"description\":\"\",\"potentialAction\":[{\"@type\":\"SearchAction\",\"target\":\"https:\/\/landing.connectbogota.org\/en\/?s={search_term_string}\",\"query-input\":\"required name=search_term_string\"}],\"inLanguage\":\"en-US\"},{\"@type\":\"ImageObject\",\"@id\":\"https:\/\/landing.connectbogota.org\/bogota-propiedad-intelectual-el-nuevo-programa-que-le-ayudara-a-los-empresarios-de-la-capital-a-proteger-sus-ideas-y-creaciones\/#primaryimage\",\"inLanguage\":\"en-US\",\"url\":\"https:\/\/landing.connectbogota.org\/wp-content\/uploads\/2022\/10\/1-5.jpg\",\"width\":1080,\"height\":1080},{\"@type\":\"WebPage\",\"@id\":\"https:\/\/landing.connectbogota.org\/bogota-propiedad-intelectual-el-nuevo-programa-que-le-ayudara-a-los-empresarios-de-la-capital-a-proteger-sus-ideas-y-creaciones\/#webpage\",\"url\":\"https:\/\/landing.connectbogota.org\/bogota-propiedad-intelectual-el-nuevo-programa-que-le-ayudara-a-los-empresarios-de-la-capital-a-proteger-sus-ideas-y-creaciones\/\",\"name\":\"\\u2018Bogot\\u00e1, propiedad intelectual\\u2019, el nuevo programa que le ayudar\\u00e1 a los empresarios de la capital a proteger sus ideas y creaciones -\",\"isPartOf\":{\"@id\":\"https:\/\/landing.connectbogota.org\/en\/#website\"},\"primaryImageOfPage\":{\"@id\":\"https:\/\/landing.connectbogota.org\/bogota-propiedad-intelectual-el-nuevo-programa-que-le-ayudara-a-los-empresarios-de-la-capital-a-proteger-sus-ideas-y-creaciones\/#primaryimage\"},\"datePublished\":\"2022-10-04T15:56:54+00:00\",\"dateModified\":\"2023-02-16T19:46:29+00:00\",\"author\":{\"@id\":\"https:\/\/landing.connectbogota.org\/en\/#\/schema\/person\/3ec1cac7c7cfe0a4494a4ce294282530\"},\"description\":\"La Secretar\\u00eda de Desarrollo Econ\\u00f3mico lanza la convocatoria del programa \\u2018Bogot\\u00e1, propiedad intelectual\\u2019 que llegar\\u00e1 a 155 empresas de la capital colombiana para facilitar el proceso de protecci\\u00f3n de sus ideas o creaciones innovadoras.\",\"inLanguage\":\"en-US\",\"potentialAction\":[{\"@type\":\"ReadAction\",\"target\":[\"https:\/\/landing.connectbogota.org\/bogota-propiedad-intelectual-el-nuevo-programa-que-le-ayudara-a-los-empresarios-de-la-capital-a-proteger-sus-ideas-y-creaciones\/\"]}]},{\"@type\":[\"Person\"],\"@id\":\"https:\/\/landing.connectbogota.org\/en\/#\/schema\/person\/3ec1cac7c7cfe0a4494a4ce294282530\",\"name\":\"Connect\",\"image\":{\"@type\":\"ImageObject\",\"@id\":\"https:\/\/landing.connectbogota.org\/en\/#personlogo\",\"inLanguage\":\"en-US\",\"url\":\"https:\/\/landing.connectbogota.org\/wp-content\/uploads\/2018\/11\/gravatar-1.png\",\"caption\":\"Connect\"},\"sameAs\":[\"https:\/\/www.facebook.com\/ConnectBogota\",\"https:\/\/twitter.com\/@ConnectBogota\"]}]}<\/script>\n<!-- \/ Yoast SEO plugin. -->","_links":{"self":[{"href":"https:\/\/landing.connectbogota.org\/en\/wp-json\/wp\/v2\/posts\/13511"}],"collection":[{"href":"https:\/\/landing.connectbogota.org\/en\/wp-json\/wp\/v2\/posts"}],"about":[{"href":"https:\/\/landing.connectbogota.org\/en\/wp-json\/wp\/v2\/types\/post"}],"author":[{"embeddable":true,"href":"https:\/\/landing.connectbogota.org\/en\/wp-json\/wp\/v2\/users\/1"}],"replies":[{"embeddable":true,"href":"https:\/\/landing.connectbogota.org\/en\/wp-json\/wp\/v2\/comments?post=13511"}],"version-history":[{"count":8,"href":"https:\/\/landing.connectbogota.org\/en\/wp-json\/wp\/v2\/posts\/13511\/revisions"}],"predecessor-version":[{"id":13715,"href":"https:\/\/landing.connectbogota.org\/en\/wp-json\/wp\/v2\/posts\/13511\/revisions\/13715"}],"wp:featuredmedia":[{"embeddable":true,"href":"https:\/\/landing.connectbogota.org\/en\/wp-json\/wp\/v2\/media\/13510"}],"wp:attachment":[{"href":"https:\/\/landing.connectbogota.org\/en\/wp-json\/wp\/v2\/media?parent=13511"}],"wp:term":[{"taxonomy":"category","embeddable":true,"href":"https:\/\/landing.connectbogota.org\/en\/wp-json\/wp\/v2\/categories?post=13511"},{"taxonomy":"post_tag","embeddable":true,"href":"https:\/\/landing.connectbogota.org\/en\/wp-json\/wp\/v2\/tags?post=13511"}],"curies":[{"name":"wp","href":"https:\/\/api.w.org\/{rel}","templated":true}]}}